{"id":1149,"date":"2024-10-10T06:24:29","date_gmt":"2024-10-10T06:24:29","guid":{"rendered":"https:\/\/aboic.org\/?p=1149"},"modified":"2025-06-23T13:28:16","modified_gmt":"2025-06-23T13:28:16","slug":"destacados-expertos-participan-en-el-xi-ciclo-de-estudios-especializados-en-comunicacion-en-cochabamba","status":"publish","type":"post","link":"https:\/\/aboic.org\/index.php\/2024\/10\/10\/destacados-expertos-participan-en-el-xi-ciclo-de-estudios-especializados-en-comunicacion-en-cochabamba\/","title":{"rendered":"ABOIC se suma a la Coalici\u00f3n Nacional contra la desinformaci\u00f3n electoral"},"content":{"rendered":"\t\t<div data-elementor-type=\"wp-post\" data-elementor-id=\"1149\" class=\"elementor elementor-1149\" data-elementor-post-type=\"post\">\n\t\t\t\t<div class=\"elementor-element elementor-element-933531a e-flex e-con-boxed e-con e-parent\" data-id=\"933531a\" data-element_type=\"container\">\n\t\t\t\t\t<div class=\"e-con-inner\">\n\t\t\t\t<div class=\"elementor-element elementor-element-1f17c3b elementor-widget elementor-widget-image\" data-id=\"1f17c3b\" data-element_type=\"widget\" data-widget_type=\"image.default\">\n\t\t\t\t<div class=\"elementor-widget-container\">\n\t\t\t<style>\/*! elementor - v3.21.0 - 22-05-2024 *\/\n.elementor-widget-image{text-align:center}.elementor-widget-image a{display:inline-block}.elementor-widget-image a img[src$=\".svg\"]{width:48px}.elementor-widget-image img{vertical-align:middle;display:inline-block}<\/style>\t\t\t\t\t\t\t\t\t\t<img fetchpriority=\"high\" decoding=\"async\" width=\"1024\" height=\"576\" src=\"https:\/\/aboic.org\/wp-content\/uploads\/2024\/10\/COALICION-1024x576.jpg\" class=\"attachment-large size-large wp-image-1338\" alt=\"\" srcset=\"https:\/\/aboic.org\/wp-content\/uploads\/2024\/10\/COALICION-1024x576.jpg 1024w, https:\/\/aboic.org\/wp-content\/uploads\/2024\/10\/COALICION-300x169.jpg 300w, https:\/\/aboic.org\/wp-content\/uploads\/2024\/10\/COALICION-768x432.jpg 768w, https:\/\/aboic.org\/wp-content\/uploads\/2024\/10\/COALICION.jpg 1298w\" sizes=\"(max-width: 1024px) 100vw, 1024px\" \/>\t\t\t\t\t\t\t\t\t\t\t\t\t<\/div>\n\t\t\t\t<\/div>\n\t\t\t\t\t<\/div>\n\t\t\t\t<\/div>\n\t\t<div class=\"elementor-element elementor-element-0b7145c e-flex e-con-boxed e-con e-parent\" data-id=\"0b7145c\" data-element_type=\"container\">\n\t\t\t\t\t<div class=\"e-con-inner\">\n\t\t\t\t<div class=\"elementor-element elementor-element-6164059 elementor-widget elementor-widget-text-editor\" data-id=\"6164059\" data-element_type=\"widget\" data-widget_type=\"text-editor.default\">\n\t\t\t\t<div class=\"elementor-widget-container\">\n\t\t\t<style>\/*! elementor - v3.21.0 - 22-05-2024 *\/\n.elementor-widget-text-editor.elementor-drop-cap-view-stacked .elementor-drop-cap{background-color:#69727d;color:#fff}.elementor-widget-text-editor.elementor-drop-cap-view-framed .elementor-drop-cap{color:#69727d;border:3px solid;background-color:transparent}.elementor-widget-text-editor:not(.elementor-drop-cap-view-default) .elementor-drop-cap{margin-top:8px}.elementor-widget-text-editor:not(.elementor-drop-cap-view-default) .elementor-drop-cap-letter{width:1em;height:1em}.elementor-widget-text-editor .elementor-drop-cap{float:left;text-align:center;line-height:1;font-size:50px}.elementor-widget-text-editor .elementor-drop-cap-letter{display:inline-block}<\/style>\t\t\t\t<p>El pasado 28 de enero de 2025, la Asociaci\u00f3n Bolivia de Investigadores de la Comunicaci\u00f3n (ABOIC) se sum\u00f3 a la Coalici\u00f3n Nacional contra la desinformaci\u00f3n electoral, iniciativa liderada por el Programa de Naciones Unidas para el Desarrollo (PNUD) a la que se han sumado otras 14 instituciones de la sociedad civil.<\/p><p>La coalici\u00f3n persigue tres objetivos centrales: contrarrestar la desinformaci\u00f3n, fortalecer la alfabetizaci\u00f3n medi\u00e1tica y mitigar el impacto de los discursos t\u00f3xicos y de odio, especialmente los dirigidos hacia las mujeres y poblaciones vulnerables. La iniciativa busca promover una participaci\u00f3n informada y transparente en los tres futuros procesos electorales que se avecinan: judiciales, generales y subnacionales.<\/p>\t\t\t\t\t\t<\/div>\n\t\t\t\t<\/div>\n\t\t\t\t\t<\/div>\n\t\t\t\t<\/div>\n\t\t\t\t<\/div>\n\t\t","protected":false},"excerpt":{"rendered":"<p>El pasado 28 de enero de 2025, la Asociaci\u00f3n Bolivia de Investigadores de la Comunicaci\u00f3n (ABOIC) se sum\u00f3 a la Coalici\u00f3n Nacional contra la desinformaci\u00f3n electoral, iniciativa liderada por el Programa de Naciones Unidas para el Desarrollo (PNUD) a la que se han sumado otras 14 instituciones de la sociedad civil. La coalici\u00f3n persigue tres&hellip;&nbsp;<a href=\"https:\/\/aboic.org\/index.php\/2024\/10\/10\/destacados-expertos-participan-en-el-xi-ciclo-de-estudios-especializados-en-comunicacion-en-cochabamba\/\" class=\"\" rel=\"bookmark\">Leer m\u00e1s &raquo;<span class=\"screen-reader-text\">ABOIC se suma a la Coalici\u00f3n Nacional contra la desinformaci\u00f3n electoral<\/span><\/a><\/p>\n","protected":false},"author":1,"featured_media":1338,"comment_status":"open","ping_status":"open","sticky":false,"template":"","format":"standard","meta":{"neve_meta_sidebar":"","neve_meta_container":"","neve_meta_enable_content_width":"","neve_meta_content_width":0,"neve_meta_title_alignment":"","neve_meta_author_avatar":"","neve_post_elements_order":"","neve_meta_disable_header":"","neve_meta_disable_footer":"","neve_meta_disable_title":"","_ti_tpc_template_sync":false,"_ti_tpc_template_id":"","_joinchat":[],"footnotes":""},"categories":[1],"tags":[],"class_list":["post-1149","post","type-post","status-publish","format-standard","has-post-thumbnail","hentry","category-uncategorized"],"_links":{"self":[{"href":"https:\/\/aboic.org\/index.php\/wp-json\/wp\/v2\/posts\/1149","targetHints":{"allow":["GET"]}}],"collection":[{"href":"https:\/\/aboic.org\/index.php\/wp-json\/wp\/v2\/posts"}],"about":[{"href":"https:\/\/aboic.org\/index.php\/wp-json\/wp\/v2\/types\/post"}],"author":[{"embeddable":true,"href":"https:\/\/aboic.org\/index.php\/wp-json\/wp\/v2\/users\/1"}],"replies":[{"embeddable":true,"href":"https:\/\/aboic.org\/index.php\/wp-json\/wp\/v2\/comments?post=1149"}],"version-history":[{"count":12,"href":"https:\/\/aboic.org\/index.php\/wp-json\/wp\/v2\/posts\/1149\/revisions"}],"predecessor-version":[{"id":1362,"href":"https:\/\/aboic.org\/index.php\/wp-json\/wp\/v2\/posts\/1149\/revisions\/1362"}],"wp:featuredmedia":[{"embeddable":true,"href":"https:\/\/aboic.org\/index.php\/wp-json\/wp\/v2\/media\/1338"}],"wp:attachment":[{"href":"https:\/\/aboic.org\/index.php\/wp-json\/wp\/v2\/media?parent=1149"}],"wp:term":[{"taxonomy":"category","embeddable":true,"href":"https:\/\/aboic.org\/index.php\/wp-json\/wp\/v2\/categories?post=1149"},{"taxonomy":"post_tag","embeddable":true,"href":"https:\/\/aboic.org\/index.php\/wp-json\/wp\/v2\/tags?post=1149"}],"curies":[{"name":"wp","href":"https:\/\/api.w.org\/{rel}","templated":true}]}}